[{"@context":"https:\/\/schema.org\/","@type":"Article","@id":"https:\/\/www.dompo.cz\/cepice-s-potiskem-pro-sportovni-oddily\/#Article","mainEntityOfPage":"https:\/\/www.dompo.cz\/cepice-s-potiskem-pro-sportovni-oddily\/","headline":"\u010cepice s potiskem pro sportovn\u00ed odd\u00edly","name":"\u010cepice s potiskem pro sportovn\u00ed odd\u00edly","description":"Ned\u00e1vno jsem \u010detl na internetov\u00e9m zpravodaji obce, kde jsem d\u0159\u00edve bydlel, \u017ee m\u00edstn\u00ed fotbalist\u00e9 zaznamenali v roce 2025 \u00fasp\u011bch v 9. lize na Kladensku a z\u00edskali v\u00edt\u011bzn\u00fd poh\u00e1r, kter\u00fd jim osobn\u011b p\u0159ed\u00e1val prezident republiky Petr Pavel. V t\u00e9to souvislosti jsem tak\u00e9 zavzpom\u00ednal na m\u00e9ho kladensk\u00e9ho spolu\u017e\u00e1ka, co se stal dokonce fotbalovou hv\u011bzdou turnaje Euro 96, &hellip; <div class=\"link-more text-center\"><a href=\"https:\/\/www.dompo.cz\/cepice-s-potiskem-pro-sportovni-oddily\/\" class=\"more-link py-2 px-4\">Read More<span class=\"screen-reader-text\"> \"\u010cepice s potiskem pro sportovn\u00ed odd\u00edly\"<\/span><\/a><\/div>","datePublished":"2025-11-16","dateModified":"2025-11-16","author":{"@type":"Person","@id":"https:\/\/www.dompo.cz\/author\/#Person","name":"","url":"https:\/\/www.dompo.cz\/author\/","identifier":1,"image":{"@type":"ImageObject","@id":"https:\/\/secure.gravatar.com\/avatar\/418160ee289a2fec3674f670db35c39ff464fe73fac536520dac7def2cfdeb26?s=96&d=mm&r=g","url":"https:\/\/secure.gravatar.com\/avatar\/418160ee289a2fec3674f670db35c39ff464fe73fac536520dac7def2cfdeb26?s=96&d=mm&r=g","height":96,"width":96}},"publisher":{"@type":"Organization","name":"dompo.cz","logo":{"@type":"ImageObject","@id":"\/logo.png","url":"\/logo.png","width":600,"height":60}},"image":{"@type":"ImageObject","@id":"https:\/\/www.dompo.cz\/wp-content\/uploads\/canoeist-4180_640_1.jpg","url":"https:\/\/www.dompo.cz\/wp-content\/uploads\/canoeist-4180_640_1.jpg","height":0,"width":0},"url":"https:\/\/www.dompo.cz\/cepice-s-potiskem-pro-sportovni-oddily\/","about":["Nakupov\u00e1n\u00ed"],"wordCount":415,"articleBody":"      Ned\u00e1vno jsem \u010detl na internetov\u00e9m zpravodaji obce, kde jsem d\u0159\u00edve bydlel, \u017ee m\u00edstn\u00ed fotbalist\u00e9 zaznamenali v roce 2025 \u00fasp\u011bch v 9. lize na Kladensku a z\u00edskali v\u00edt\u011bzn\u00fd poh\u00e1r, kter\u00fd jim osobn\u011b p\u0159ed\u00e1val prezident republiky Petr Pavel. V t\u00e9to souvislosti jsem tak\u00e9 zavzpom\u00ednal na m\u00e9ho kladensk\u00e9ho spolu\u017e\u00e1ka, co se stal dokonce fotbalovou hv\u011bzdou turnaje Euro 96, p\u0159i\u010dem\u017e jsem m\u011bl tu \u010dest si s vicemistrem Evropy dokonce zahr\u00e1t fotbal na skute\u010dn\u00e9m fotbalov\u00e9m h\u0159i\u0161ti. Sportovn\u00edch odd\u00edl\u016f je v na\u0161\u00ed zemi cel\u00e1 \u0159ada a rozhodn\u011b se nev\u011bnuj\u00ed jen fotbalu. Sport zaj\u00edm\u00e1 i milovn\u00edky volejbalu, basketbalu, h\u00e1zen\u00e9 a t\u0159eba i jezdeck\u00e9ho sportu \u010di vod\u00e1ck\u00fdch sport\u016f. Vod\u00e1ctv\u00ed jsem se v\u011bnoval \u0159adu let a je to pro m\u011b sport \u010d\u00edslo \u201ejedna\u201c a r\u00e1d bych t\u00edm nazna\u010dil, \u017ee mnoh\u00e9 sportovn\u00ed odd\u00edly mohou m\u00edt tak\u00e9 sv\u00e9 vlastn\u00ed origin\u00e1ln\u00ed upom\u00ednkov\u00e9 p\u0159edm\u011bty. Jedn\u00edm z nich m\u016f\u017ee b\u00fdt i k\u0161iltovka.V\u00fdhodou \u010depic s k\u0161iltem je to, \u017ee nepot\u0159ebujete zn\u00e1t velikost obvodu hlavy, nebo\u0165 se ka\u017ed\u00e1 \u010depice d\u00e1 snadno se\u0159\u00eddit p\u0159\u00edmo na m\u00edru nap\u0159\u00edklad p\u00e1skem such\u00e9ho zipu. Z\u00e1rove\u0148 jsou to precizn\u011b zhotoven\u00e9 textiln\u00ed v\u00fdrobky a nav\u00edc velmi levn\u00e9, tak\u017ee je m\u016f\u017eete nakoupit bez obav cel\u00e9mu odd\u00edlu a opat\u0159it \u010depice origin\u00e1ln\u00edm potiskem, kter\u00fd bude jedine\u010dn\u00fd pro ka\u017ed\u00e9ho \u00fa\u010dastn\u00edka. A \u010d\u00edm \u010depice s potiskem vyzdobit?Charakteristick\u00fd znak. Potisk na k\u0161iltovku lze pojmout jako perfektn\u00ed recesi a t\u0159eba to za\u0159\u00eddit tak, \u017ee se na potisku objev\u00ed typick\u00e9 znaky pro ka\u017ed\u00e9ho jednotlivce. Nap\u0159\u00edklad milovn\u00edk kon\u00ed tam bude m\u00edt ko\u0148skou hlavu, mal\u00ed\u0159 sv\u016fj obl\u00edben\u00fd obraz, v\u00e1\u0161niv\u00fd fotograf zrcadlovku Nikon, p\u011bstitelka r\u016f\u017e\u00ed svou zamilovanou rudou odr\u016fdu atd.P\u0159ezd\u00edvka. Zn\u00e1te knihu Zde\u0148ka \u0160m\u00edda s n\u00e1zvem \u201ePro\u010d bychom se netopili aneb Vod\u00e1ck\u00fd pr\u016fvodce pro Of\u00e9lii\u201c? Objev\u00ed se v n\u00ed \u0159ada p\u0159ezd\u00edvek, nap\u0159\u00edklad \u201eBongo, Otou\u0161, K\u0159i\u017e\u00e1k, Sumec a Keny\u201c. A pr\u00e1v\u011b p\u0159ezd\u00edvky mohou b\u00fdt nati\u0161t\u011bn\u00e9 nad k\u0161iltem, aby okoln\u00ed lid\u00e9 v\u011bd\u011bli, \u017ee tohle je \u201eKach\u0148\u00e1k\u201c a tamta sle\u010dna opod\u00e1l je \u201e\u017dol\u00edk\u201c.                                                                                                                                                                                                                                                                                                                                                                                          4.5\/5 - (2 votes)        "},{"@context":"https:\/\/schema.org\/","@type":"BreadcrumbList","itemListElement":[{"@type":"ListItem","position":1,"name":"\u010cepice s potiskem pro sportovn\u00ed odd\u00edly","item":"https:\/\/www.dompo.cz\/cepice-s-potiskem-pro-sportovni-oddily\/#breadcrumbitem"}]}]