[{"@context":"https:\/\/schema.org\/","@type":"Article","@id":"https:\/\/www.dompo.cz\/druhy-materialu-na-venkovni-terasu\/#Article","mainEntityOfPage":"https:\/\/www.dompo.cz\/druhy-materialu-na-venkovni-terasu\/","headline":"Druhy materi\u00e1l\u016f na venkovn\u00ed terasu","name":"Druhy materi\u00e1l\u016f na venkovn\u00ed terasu","description":"Pokud jste se rozhodli ud\u011blat si venkovn\u00ed terasu, tak te\u010f je\u0161t\u011b mus\u00edte zv\u00e1\u017eit, jakou podlahu na terasu ud\u011bl\u00e1te. Je t\u0159eba se nad t\u00edm opravdu zamyslet a pop\u0159em\u00fd\u0161let, jak\u00fd materi\u00e1l zvolit. Pro venkovn\u00ed terasu m\u00e1te n\u011bkolik mo\u017enost\u00ed, ze kter\u00fdch m\u016f\u017eete vyb\u00edrat. Tak nap\u0159\u00edklad m\u016f\u017eete ud\u011blat podlahu z p\u0159\u00edrodn\u00edho kamene, betonov\u00e9 dla\u017eby, nov\u00fdch materi\u00e1l\u016f jako d\u0159evoplast, ale &hellip; <div class=\"link-more text-center\"><a href=\"https:\/\/www.dompo.cz\/druhy-materialu-na-venkovni-terasu\/\" class=\"more-link py-2 px-4\">Read More<span class=\"screen-reader-text\"> \"Druhy materi\u00e1l\u016f na venkovn\u00ed terasu\"<\/span><\/a><\/div>","datePublished":"2021-11-10","dateModified":"2023-05-02","author":{"@type":"Person","@id":"https:\/\/www.dompo.cz\/author\/#Person","name":"","url":"https:\/\/www.dompo.cz\/author\/","identifier":1,"image":{"@type":"ImageObject","@id":"https:\/\/secure.gravatar.com\/avatar\/418160ee289a2fec3674f670db35c39ff464fe73fac536520dac7def2cfdeb26?s=96&d=mm&r=g","url":"https:\/\/secure.gravatar.com\/avatar\/418160ee289a2fec3674f670db35c39ff464fe73fac536520dac7def2cfdeb26?s=96&d=mm&r=g","height":96,"width":96}},"publisher":{"@type":"Organization","name":"dompo.cz","logo":{"@type":"ImageObject","@id":"\/logo.png","url":"\/logo.png","width":600,"height":60}},"image":{"@type":"ImageObject","@id":"https:\/\/www.dompo.cz\/wp-content\/uploads\/hardwood-g9281f4696_640_1.jpg","url":"https:\/\/www.dompo.cz\/wp-content\/uploads\/hardwood-g9281f4696_640_1.jpg","height":0,"width":0},"url":"https:\/\/www.dompo.cz\/druhy-materialu-na-venkovni-terasu\/","about":["Nakupov\u00e1n\u00ed"],"wordCount":463,"articleBody":"   Pokud jste se rozhodli ud\u011blat si venkovn\u00ed terasu, tak te\u010f je\u0161t\u011b mus\u00edte zv\u00e1\u017eit, jakou podlahu na terasu ud\u011bl\u00e1te. Je t\u0159eba se nad t\u00edm opravdu zamyslet a pop\u0159em\u00fd\u0161let, jak\u00fd materi\u00e1l zvolit. Pro venkovn\u00ed terasu m\u00e1te n\u011bkolik mo\u017enost\u00ed, ze kter\u00fdch m\u016f\u017eete vyb\u00edrat. Tak nap\u0159\u00edklad m\u016f\u017eete ud\u011blat podlahu z p\u0159\u00edrodn\u00edho kamene, betonov\u00e9 dla\u017eby, nov\u00fdch materi\u00e1l\u016f jako d\u0159evoplast, ale tak\u00e9 z p\u0159\u00edrodn\u00edch materi\u00e1l\u016f \u010d\u00edm\u017e jsou d\u0159ev\u011bn\u00e1 prkna.P\u0159i v\u00fdb\u011bru m\u011bjte na pam\u011bti, \u017ee terasu budete vyu\u017e\u00edvat po cel\u00fd rok. Tak\u017ee jak v hork\u00fdch m\u011bs\u00edc\u00edch, tak i v t\u011bch zimn\u00edch. P\u0159i v\u00fdb\u011bru se tak\u00e9 zam\u011b\u0159te na to, aby v\u00e1m terasa ladila k domu, ale nezapome\u0148te se zam\u011b\u0159it i na zahradu kolem domu.Terasa z betonu b\u00fdv\u00e1 lacin\u011bj\u0161\u00ed oproti kameni. U kamene m\u00e1te zas ka\u017ed\u00fd kus origin\u00e1ln\u00ed a i r\u016fzn\u00e9 odst\u00edny a m\u016f\u017eete si tak vyhr\u00e1t s pokl\u00e1d\u00e1n\u00edm a r\u016fzn\u00e9 to nakombinovat. D\u0159evoplast b\u00fdv\u00e1 zas obl\u00edben\u00fd, jako modern\u00ed materi\u00e1l a to tak\u00e9 d\u00edky tomu, \u017ee je m\u00e9n\u011b \u00fadr\u017ebov\u00fd oproti d\u0159evu. P\u0159\u00edrodn\u00ed k\u00e1men je mnohem dra\u017e\u0161\u00ed. A velmi obl\u00edben\u00fdm materi\u00e1lem jsou i d\u0159ev\u011bn\u00e1 prkna.U d\u0159ev\u011bn\u00fdch prken je t\u0159eba myslet na to, \u017ee je pot\u0159eba se o n\u011b pravideln\u011b starat. A jednou za rok je napustit olejem, \u010d\u00edm\u017e se o\u017eiv\u00fd barva a d\u0159evo nenas\u00e1kne do sebe vodu. Podlaha z kamene \u010di betonu b\u00fdvaj\u00ed v l\u00e9t\u011b hodn\u011b hork\u00e9 a v zim\u011b tak\u00e9 klou\u017eou. Kde\u017eto ch\u016fze po d\u0159ev\u011bn\u00fdch prknech je nejen p\u0159\u00edjemn\u00e1 a pohodln\u00e1, ale i v zim\u011b m\u00e9n\u011b klou\u017ee a to i d\u00edky dr\u00e1\u017ek\u00e1m. A v l\u00e9t\u011b zas t\u00e9m\u011b\u0159 v\u016fbec nep\u00e1l\u00ed. A to d\u00edky tomu, \u017ee d\u0159evo absorbuje horko. D\u0159evo nap\u0159\u00edklad ze Sibi\u0159sk\u00e9ho mod\u0159\u00ednu je tvrd\u00e9, ale z\u00e1rove\u0148 velmi odoln\u00e9. A\u010d se budete muset o tyto prkna starat, tak v\u00e1m to vr\u00e1t\u00ed na pohodlnosti a p\u0159\u00edjemnosti. Je to p\u0159\u00edrodn\u00ed materi\u00e1l a ten bude m\u00edt v\u017edy svoje nesporn\u00e9 v\u00fdhody.Na v\u00fdb\u011br m\u00e1te opravdu velk\u00e9 mno\u017estv\u00ed a je tak na v\u00e1s zvolit si ten spr\u00e1vn\u00fd materi\u00e1l na va\u0161i terasu. Nezapom\u00ednejte, \u017ee ji budete opravdu hojn\u011b vyu\u017e\u00edvat a tak je pot\u0159eba zkloubit estetickou str\u00e1nku, ale i tu funk\u010dn\u00ed.                                                                                                                                                                                                                                                                                                                                                                                         5\/5 - (2 votes)        "},{"@context":"https:\/\/schema.org\/","@type":"BreadcrumbList","itemListElement":[{"@type":"ListItem","position":1,"name":"Druhy materi\u00e1l\u016f na venkovn\u00ed terasu","item":"https:\/\/www.dompo.cz\/druhy-materialu-na-venkovni-terasu\/#breadcrumbitem"}]}]